    {"id":12480,"date":"2026-02-25T09:44:07","date_gmt":"2026-02-25T12:44:07","guid":{"rendered":"https:\/\/www.tjba.jus.br\/primeiravice\/?p=12480"},"modified":"2026-02-26T12:18:47","modified_gmt":"2026-02-26T15:18:47","slug":"posse-do-1o-vice-presidente-desembargador-josevando-souza-andrade","status":"publish","type":"post","link":"https:\/\/www.tjba.jus.br\/primeiravice\/posse-do-1o-vice-presidente-desembargador-josevando-souza-andrade\/","title":{"rendered":"POSSE DO 1\u00ba VICE-PRESIDENTE, DESEMBARGADOR JOSEVANDO SOUZA ANDRADE"},"content":{"rendered":"\n<p><\/p>\n\n\n<p>O Tribunal de Justi\u00e7a da Bahia (TJBA)\u202fdeu posse \u00e0\u202fMesa Diretora para o bi\u00eanio 2026-2028 na segunda-feira, 2 de fevereiro, de acordo com o artigo 12 do Regimento Interno do TJBA, que prev\u00ea a realiza\u00e7\u00e3o da posse no primeiro dia \u00fatil do m\u00eas.<\/p>\n<p>A Mesa Diretora \u00e9 composta por cinco integrantes. Al\u00e9m do Desembargador Presidente Jos\u00e9 Rotondano, dirigem o Judici\u00e1rio baiano, nos pr\u00f3ximos dois anos, os Desembargadores Josevando Andrade, 1\u00ba Vice-Presidente; M\u00e1rio Albiani J\u00fanior, 2\u00ba Vice-Presidente; Salom\u00e3o Resed\u00e1, Corregedor-Geral da Justi\u00e7a; e a Desembargadora Pilar C\u00e9lia Tobio de Claro, Corregedora-Geral do Foro Extrajudicial.<\/p>\n<p>A Sess\u00e3o Especial aconteceu na Sala de Sess\u00f5es do Tribunal Pleno e contou com a presen\u00e7a de magistrados, servidores e autoridades de diversas institui\u00e7\u00f5es.\u00a0<\/p>\n\n\n<figure class=\"wp-block-gallery has-nested-images columns-default is-cropped wp-block-gallery-1 is-layout-flex wp-block-gallery-is-layout-flex\">\n<figure class=\"wp-block-image size-large\"><img loading=\"lazy\" decoding=\"async\" width=\"768\" height=\"1024\" data-id=\"12482\" src=\"https:\/\/www.tjba.jus.br\/primeiravice\/wp-content\/uploads\/2026\/02\/posse-1-768x1024.png\" alt=\"\" class=\"wp-image-12482\" srcset=\"https:\/\/www.tjba.jus.br\/primeiravice\/wp-content\/uploads\/2026\/02\/posse-1-768x1024.png 768w, https:\/\/www.tjba.jus.br\/primeiravice\/wp-content\/uploads\/2026\/02\/posse-1-225x300.png 225w, https:\/\/www.tjba.jus.br\/primeiravice\/wp-content\/uploads\/2026\/02\/posse-1.png 1080w\" sizes=\"auto, (max-width: 768px) 100vw, 768px\" \/><\/figure>\n\n\n\n<figure class=\"wp-block-image size-large\"><img loading=\"lazy\" decoding=\"async\" width=\"768\" height=\"1024\" data-id=\"12483\" src=\"https:\/\/www.tjba.jus.br\/primeiravice\/wp-content\/uploads\/2026\/02\/posse-7-768x1024.png\" alt=\"\" class=\"wp-image-12483\" srcset=\"https:\/\/www.tjba.jus.br\/primeiravice\/wp-content\/uploads\/2026\/02\/posse-7-768x1024.png 768w, https:\/\/www.tjba.jus.br\/primeiravice\/wp-content\/uploads\/2026\/02\/posse-7-225x300.png 225w, https:\/\/www.tjba.jus.br\/primeiravice\/wp-content\/uploads\/2026\/02\/posse-7.png 1080w\" sizes=\"auto, (max-width: 768px) 100vw, 768px\" \/><\/figure>\n<\/figure>\n\n\n<p><strong><a href=\"https:\/\/photos.google.com\/share\/AF1QipOWOhYUqcFpmdHhCRI8Xjg4QT8XRQyU8Xv53T_0YDLyCfeCPZ9c0X42Tzpos9Uknw?key=Zk5pM3J6RmRIRUlkU1llazBLS1VreFZacTE5NjRB\">Veja mais fotos<\/a><\/strong><\/p>\n<p>\u00a0<\/p>\n<p>Uma solenidade comemorativa e simb\u00f3lica foi realizada tr\u00eas dias ap\u00f3s o ato da posse formal, quinta-feira (5), no F\u00f3rum Ruy Barbosa.<\/p>\n<p>A solenidade p\u00fablica da posse da Mesa Diretora \u00e9 uma tradi\u00e7\u00e3o institucional no Tribunal de Justi\u00e7a da Bahia, repleta de relev\u00e2ncia hist\u00f3rica. Autoridades da esfera federal, estadual e municipal, al\u00e9m de servidores do TJBA, familiares e amigos lotaram o Sal\u00e3o Nobre do F\u00f3rum.<\/p>\n<p>\u00a0<\/p>\n\n\n<figure class=\"wp-block-gallery has-nested-images columns-default is-cropped wp-block-gallery-2 is-layout-flex wp-block-gallery-is-layout-flex\">\n<figure class=\"wp-block-image size-large\"><img loading=\"lazy\" decoding=\"async\" width=\"768\" height=\"1024\" data-id=\"12487\" src=\"https:\/\/www.tjba.jus.br\/primeiravice\/wp-content\/uploads\/2026\/02\/posse-2-768x1024.png\" alt=\"\" class=\"wp-image-12487\"\/><\/figure>\n\n\n\n<figure class=\"wp-block-image size-large\"><img loading=\"lazy\" decoding=\"async\" width=\"768\" height=\"1024\" data-id=\"12484\" src=\"https:\/\/www.tjba.jus.br\/primeiravice\/wp-content\/uploads\/2026\/02\/posse-3-768x1024.png\" alt=\"\" class=\"wp-image-12484\" srcset=\"https:\/\/www.tjba.jus.br\/primeiravice\/wp-content\/uploads\/2026\/02\/posse-3-768x1024.png 768w, https:\/\/www.tjba.jus.br\/primeiravice\/wp-content\/uploads\/2026\/02\/posse-3-225x300.png 225w, https:\/\/www.tjba.jus.br\/primeiravice\/wp-content\/uploads\/2026\/02\/posse-3.png 1080w\" sizes=\"auto, (max-width: 768px) 100vw, 768px\" \/><\/figure>\n\n\n\n<figure class=\"wp-block-image size-large\"><img loading=\"lazy\" decoding=\"async\" width=\"768\" height=\"1024\" data-id=\"12486\" src=\"https:\/\/www.tjba.jus.br\/primeiravice\/wp-content\/uploads\/2026\/02\/posse-4-768x1024.png\" alt=\"\" class=\"wp-image-12486\" srcset=\"https:\/\/www.tjba.jus.br\/primeiravice\/wp-content\/uploads\/2026\/02\/posse-4-768x1024.png 768w, https:\/\/www.tjba.jus.br\/primeiravice\/wp-content\/uploads\/2026\/02\/posse-4-225x300.png 225w, https:\/\/www.tjba.jus.br\/primeiravice\/wp-content\/uploads\/2026\/02\/posse-4.png 1080w\" sizes=\"auto, (max-width: 768px) 100vw, 768px\" \/><\/figure>\n\n\n\n<figure class=\"wp-block-image size-large\"><img loading=\"lazy\" decoding=\"async\" width=\"768\" height=\"1024\" data-id=\"12485\" src=\"https:\/\/www.tjba.jus.br\/primeiravice\/wp-content\/uploads\/2026\/02\/posse-6-768x1024.png\" alt=\"\" class=\"wp-image-12485\" srcset=\"https:\/\/www.tjba.jus.br\/primeiravice\/wp-content\/uploads\/2026\/02\/posse-6-768x1024.png 768w, https:\/\/www.tjba.jus.br\/primeiravice\/wp-content\/uploads\/2026\/02\/posse-6-225x300.png 225w, https:\/\/www.tjba.jus.br\/primeiravice\/wp-content\/uploads\/2026\/02\/posse-6.png 1080w\" sizes=\"auto, (max-width: 768px) 100vw, 768px\" \/><\/figure>\n<\/figure>\n\n\n\n<p><\/p>\n\n\n\n<p><a href=\"https:\/\/photos.google.com\/share\/AF1QipPffTfgLcszDVB_Cg4P5KUykQxITLH0PpPjGhGfCmk0IsdYwD0eLCzFySjlOhc9ow?key=SUhITDlybk45cno3TFFERkotQkVBUEo5aGRqQlp3\"><strong>Acesse mais fotos<\/strong><\/a><\/p>\n\n\n\n<p><\/p>\n","protected":false},"excerpt":{"rendered":"<p>O Tribunal de Justi\u00e7a da Bahia (TJBA)\u202fdeu posse \u00e0\u202fMesa Diretora para o bi\u00eanio 2026-2028 na segunda-feira, 2 de fevereiro, de [&hellip;]<\/p>\n","protected":false},"author":29,"featured_media":12489,"comment_status":"closed","ping_status":"","sticky":false,"template":"","format":"standard","meta":{"footnotes":""},"categories":[29,9],"tags":[],"class_list":["post-12480","post","type-post","status-publish","format-standard","has-post-thumbnail","hentry","category-destaque","category-noticias"],"acf":[],"featured_image_src":"https:\/\/www.tjba.jus.br\/primeiravice\/wp-content\/uploads\/2026\/02\/posse-8.png","author_info":{"display_name":"Robson dos Santos Braga","author_link":"https:\/\/www.tjba.jus.br\/primeiravice\/author\/rbraga\/"},"_links":{"self":[{"href":"https:\/\/www.tjba.jus.br\/primeiravice\/wp-json\/wp\/v2\/posts\/12480","targetHints":{"allow":["GET"]}}],"collection":[{"href":"https:\/\/www.tjba.jus.br\/primeiravice\/wp-json\/wp\/v2\/posts"}],"about":[{"href":"https:\/\/www.tjba.jus.br\/primeiravice\/wp-json\/wp\/v2\/types\/post"}],"author":[{"embeddable":true,"href":"https:\/\/www.tjba.jus.br\/primeiravice\/wp-json\/wp\/v2\/users\/29"}],"replies":[{"embeddable":true,"href":"https:\/\/www.tjba.jus.br\/primeiravice\/wp-json\/wp\/v2\/comments?post=12480"}],"version-history":[{"count":4,"href":"https:\/\/www.tjba.jus.br\/primeiravice\/wp-json\/wp\/v2\/posts\/12480\/revisions"}],"predecessor-version":[{"id":12497,"href":"https:\/\/www.tjba.jus.br\/primeiravice\/wp-json\/wp\/v2\/posts\/12480\/revisions\/12497"}],"wp:featuredmedia":[{"embeddable":true,"href":"https:\/\/www.tjba.jus.br\/primeiravice\/wp-json\/wp\/v2\/media\/12489"}],"wp:attachment":[{"href":"https:\/\/www.tjba.jus.br\/primeiravice\/wp-json\/wp\/v2\/media?parent=12480"}],"wp:term":[{"taxonomy":"category","embeddable":true,"href":"https:\/\/www.tjba.jus.br\/primeiravice\/wp-json\/wp\/v2\/categories?post=12480"},{"taxonomy":"post_tag","embeddable":true,"href":"https:\/\/www.tjba.jus.br\/primeiravice\/wp-json\/wp\/v2\/tags?post=12480"}],"curies":[{"name":"wp","href":"https:\/\/api.w.org\/{rel}","templated":true}]}}