    {"id":12773,"date":"2026-04-13T15:00:06","date_gmt":"2026-04-13T18:00:06","guid":{"rendered":"https:\/\/www.tjba.jus.br\/primeiravice\/?p=12773"},"modified":"2026-04-13T15:01:53","modified_gmt":"2026-04-13T18:01:53","slug":"primeiro-vice-presidente-do-tjba-participa-do-lancamento-do-sistema-sapre","status":"publish","type":"post","link":"https:\/\/www.tjba.jus.br\/primeiravice\/primeiro-vice-presidente-do-tjba-participa-do-lancamento-do-sistema-sapre\/","title":{"rendered":"Primeiro Vice-Presidente do TJBA participa do lan\u00e7amento do Sistema SAPRE"},"content":{"rendered":"\n<p>No dia 01 de abril, o 1\u00ba Vice-Presidente do Tribunal de Justi\u00e7a da Bahia, desembargador Josevando  Andrade, participou do lan\u00e7amento do Sistema SAPRE, iniciativa que marca um importante avan\u00e7o na moderniza\u00e7\u00e3o e no aprimoramento da gest\u00e3o processual no \u00e2mbito do Judici\u00e1rio baiano.<\/p>\n\n\n\n<p>A solenidade contou com a presen\u00e7a do Presidente do Tribunal de Justi\u00e7a do Estado da Bahia, Jos\u00e9 Edvaldo Rocha Rotondano, al\u00e9m de desembargadores, ju\u00edzes e servidores, evidenciando o engajamento institucional com o fortalecimento de solu\u00e7\u00f5es tecnol\u00f3gicas voltadas \u00e0 melhoria da presta\u00e7\u00e3o jurisdicional.<\/p>\n\n\n\n<p>Durante o evento, foram apresentados os principais recursos do sistema, desenvolvido para conferir maior efici\u00eancia aos fluxos de trabalho, promover a padroniza\u00e7\u00e3o de procedimentos e assegurar mais celeridade na tramita\u00e7\u00e3o dos processos.<\/p>\n\n\n\n<p>A iniciativa refor\u00e7a o compromisso da atual gest\u00e3o com a inova\u00e7\u00e3o e com a constru\u00e7\u00e3o de um Judici\u00e1rio mais moderno, transparente e acess\u00edvel. Ao otimizar rotinas internas e ampliar a capacidade de resposta do Tribunal, o SAPRE contribui diretamente para o fortalecimento da confian\u00e7a da sociedade na Justi\u00e7a, beneficiando cidad\u00e3os, advogados e todos os usu\u00e1rios do sistema judici\u00e1rio.<\/p>\n\n\n\n<figure class=\"wp-block-gallery has-nested-images columns-default is-cropped wp-block-gallery-1 is-layout-flex wp-block-gallery-is-layout-flex\">\n<figure class=\"wp-block-image size-large\"><img loading=\"lazy\" decoding=\"async\" width=\"1024\" height=\"723\" data-id=\"12779\" src=\"https:\/\/www.tjba.jus.br\/primeiravice\/wp-content\/uploads\/2026\/04\/01-04-2025-Lancamento-do-Sistema-Sapre-47-1024x723.jpg\" alt=\"\" class=\"wp-image-12779\" srcset=\"https:\/\/www.tjba.jus.br\/primeiravice\/wp-content\/uploads\/2026\/04\/01-04-2025-Lancamento-do-Sistema-Sapre-47-1024x723.jpg 1024w, https:\/\/www.tjba.jus.br\/primeiravice\/wp-content\/uploads\/2026\/04\/01-04-2025-Lancamento-do-Sistema-Sapre-47-300x212.jpg 300w, https:\/\/www.tjba.jus.br\/primeiravice\/wp-content\/uploads\/2026\/04\/01-04-2025-Lancamento-do-Sistema-Sapre-47-768x542.jpg 768w, https:\/\/www.tjba.jus.br\/primeiravice\/wp-content\/uploads\/2026\/04\/01-04-2025-Lancamento-do-Sistema-Sapre-47-1536x1085.jpg 1536w, https:\/\/www.tjba.jus.br\/primeiravice\/wp-content\/uploads\/2026\/04\/01-04-2025-Lancamento-do-Sistema-Sapre-47.jpg 1933w\" sizes=\"auto, (max-width: 1024px) 100vw, 1024px\" \/><\/figure>\n\n\n\n<figure class=\"wp-block-image size-large\"><img loading=\"lazy\" decoding=\"async\" width=\"1024\" height=\"683\" data-id=\"12775\" src=\"https:\/\/www.tjba.jus.br\/primeiravice\/wp-content\/uploads\/2026\/04\/01-04-2025-Lancamento-do-Sistema-Sapre-45-1024x683.jpg\" alt=\"\" class=\"wp-image-12775\" srcset=\"https:\/\/www.tjba.jus.br\/primeiravice\/wp-content\/uploads\/2026\/04\/01-04-2025-Lancamento-do-Sistema-Sapre-45-1024x683.jpg 1024w, https:\/\/www.tjba.jus.br\/primeiravice\/wp-content\/uploads\/2026\/04\/01-04-2025-Lancamento-do-Sistema-Sapre-45-300x200.jpg 300w, https:\/\/www.tjba.jus.br\/primeiravice\/wp-content\/uploads\/2026\/04\/01-04-2025-Lancamento-do-Sistema-Sapre-45-768x512.jpg 768w, https:\/\/www.tjba.jus.br\/primeiravice\/wp-content\/uploads\/2026\/04\/01-04-2025-Lancamento-do-Sistema-Sapre-45-1536x1024.jpg 1536w, https:\/\/www.tjba.jus.br\/primeiravice\/wp-content\/uploads\/2026\/04\/01-04-2025-Lancamento-do-Sistema-Sapre-45.jpg 2047w\" sizes=\"auto, (max-width: 1024px) 100vw, 1024px\" \/><\/figure>\n\n\n\n<figure class=\"wp-block-image size-large\"><img loading=\"lazy\" decoding=\"async\" width=\"1024\" height=\"576\" data-id=\"12780\" src=\"https:\/\/www.tjba.jus.br\/primeiravice\/wp-content\/uploads\/2026\/04\/INTERNA-B-01-04-2025-Lancamento-do-Sistema-Sapre-53-1024x576.jpg\" alt=\"\" class=\"wp-image-12780\" srcset=\"https:\/\/www.tjba.jus.br\/primeiravice\/wp-content\/uploads\/2026\/04\/INTERNA-B-01-04-2025-Lancamento-do-Sistema-Sapre-53-1024x576.jpg 1024w, https:\/\/www.tjba.jus.br\/primeiravice\/wp-content\/uploads\/2026\/04\/INTERNA-B-01-04-2025-Lancamento-do-Sistema-Sapre-53-300x169.jpg 300w, https:\/\/www.tjba.jus.br\/primeiravice\/wp-content\/uploads\/2026\/04\/INTERNA-B-01-04-2025-Lancamento-do-Sistema-Sapre-53-768x432.jpg 768w, https:\/\/www.tjba.jus.br\/primeiravice\/wp-content\/uploads\/2026\/04\/INTERNA-B-01-04-2025-Lancamento-do-Sistema-Sapre-53-1536x864.jpg 1536w, https:\/\/www.tjba.jus.br\/primeiravice\/wp-content\/uploads\/2026\/04\/INTERNA-B-01-04-2025-Lancamento-do-Sistema-Sapre-53.jpg 1940w\" sizes=\"auto, (max-width: 1024px) 100vw, 1024px\" \/><\/figure>\n<\/figure>\n\n\n\n<p><\/p>\n","protected":false},"excerpt":{"rendered":"<p>No dia 01 de abril, o 1\u00ba Vice-Presidente do Tribunal de Justi\u00e7a da Bahia, desembargador Josevando Andrade, participou do lan\u00e7amento [&hellip;]<\/p>\n","protected":false},"author":30,"featured_media":12778,"comment_status":"closed","ping_status":"","sticky":false,"template":"","format":"standard","meta":{"footnotes":""},"categories":[29,9],"tags":[],"class_list":["post-12773","post","type-post","status-publish","format-standard","has-post-thumbnail","hentry","category-destaque","category-noticias"],"acf":[],"featured_image_src":"https:\/\/www.tjba.jus.br\/primeiravice\/wp-content\/uploads\/2026\/04\/01-04-2025-Lancamento-do-Sistema-Sapre-65.jpg","author_info":{"display_name":"Claudia Brito","author_link":"https:\/\/www.tjba.jus.br\/primeiravice\/author\/cobrito\/"},"_links":{"self":[{"href":"https:\/\/www.tjba.jus.br\/primeiravice\/wp-json\/wp\/v2\/posts\/12773","targetHints":{"allow":["GET"]}}],"collection":[{"href":"https:\/\/www.tjba.jus.br\/primeiravice\/wp-json\/wp\/v2\/posts"}],"about":[{"href":"https:\/\/www.tjba.jus.br\/primeiravice\/wp-json\/wp\/v2\/types\/post"}],"author":[{"embeddable":true,"href":"https:\/\/www.tjba.jus.br\/primeiravice\/wp-json\/wp\/v2\/users\/30"}],"replies":[{"embeddable":true,"href":"https:\/\/www.tjba.jus.br\/primeiravice\/wp-json\/wp\/v2\/comments?post=12773"}],"version-history":[{"count":2,"href":"https:\/\/www.tjba.jus.br\/primeiravice\/wp-json\/wp\/v2\/posts\/12773\/revisions"}],"predecessor-version":[{"id":12786,"href":"https:\/\/www.tjba.jus.br\/primeiravice\/wp-json\/wp\/v2\/posts\/12773\/revisions\/12786"}],"wp:featuredmedia":[{"embeddable":true,"href":"https:\/\/www.tjba.jus.br\/primeiravice\/wp-json\/wp\/v2\/media\/12778"}],"wp:attachment":[{"href":"https:\/\/www.tjba.jus.br\/primeiravice\/wp-json\/wp\/v2\/media?parent=12773"}],"wp:term":[{"taxonomy":"category","embeddable":true,"href":"https:\/\/www.tjba.jus.br\/primeiravice\/wp-json\/wp\/v2\/categories?post=12773"},{"taxonomy":"post_tag","embeddable":true,"href":"https:\/\/www.tjba.jus.br\/primeiravice\/wp-json\/wp\/v2\/tags?post=12773"}],"curies":[{"name":"wp","href":"https:\/\/api.w.org\/{rel}","templated":true}]}}