    {"id":12793,"date":"2026-04-14T11:19:18","date_gmt":"2026-04-14T14:19:18","guid":{"rendered":"https:\/\/www.tjba.jus.br\/primeiravice\/?p=12793"},"modified":"2026-04-14T11:19:18","modified_gmt":"2026-04-14T14:19:18","slug":"1-vice-do-tjba-participa-das-posses-dos-desembargadores-mauricio-kertzman-e-paulo-cesar-bandeira-no-tre-ba","status":"publish","type":"post","link":"https:\/\/www.tjba.jus.br\/primeiravice\/1-vice-do-tjba-participa-das-posses-dos-desembargadores-mauricio-kertzman-e-paulo-cesar-bandeira-no-tre-ba\/","title":{"rendered":"1\u00b0 Vice do TJBA participa das posses dos desembargadores Maur\u00edcio Kertzman  e Paulo C\u00e9sar Bandeira  no TRE-BA"},"content":{"rendered":"\n<p>O 1\u00b0 Vice-Presidente do Tribunal de Justi\u00e7a da Bahia, Josevando Andrade, participou das cerim\u00f4nias de posse dos desembargadores Maur\u00edcio Kertzman e Paulo C\u00e9sar Bandeira no Tribunal Regional Eleitoral da Bahia, refor\u00e7ando a integra\u00e7\u00e3o institucional entre as Cortes e o compromisso conjunto com o fortalecimento da Justi\u00e7a Eleitoral.<\/p>\n\n\n\n<p>Na ocasi\u00e3o, o 1\u00b0 Vice destacou a relev\u00e2ncia da atua\u00e7\u00e3o dos magistrados na nova miss\u00e3o, especialmente em um momento que exige responsabilidade, equil\u00edbrio e dedica\u00e7\u00e3o \u00e0 garantia da lisura do processo democr\u00e1tico.<\/p>\n\n\n\n<p>Aos empossados, desejou uma trajet\u00f3ria marcada por \u00eaxito, sabedoria e firme compromisso com os princ\u00edpios que regem a magistratura, certos de que suas experi\u00eancias contribuir\u00e3o significativamente para o aprimoramento da Justi\u00e7a Eleitoral e para o fortalecimento das institui\u00e7\u00f5es.<\/p>\n\n\n\n<p>Que este novo ciclo seja conduzido com excel\u00eancia, honrando a hist\u00f3ria do Judici\u00e1rio baiano e ampliando a confian\u00e7a da sociedade na Justi\u00e7a.<\/p>\n\n\n\n<figure class=\"wp-block-gallery has-nested-images columns-default is-cropped wp-block-gallery-1 is-layout-flex wp-block-gallery-is-layout-flex\">\n<figure class=\"wp-block-image size-large\"><img loading=\"lazy\" decoding=\"async\" width=\"1024\" height=\"683\" data-id=\"12795\" src=\"https:\/\/www.tjba.jus.br\/primeiravice\/wp-content\/uploads\/2026\/04\/06-04-2026-Posse-Des-Paulo-Jorge-TRE-46-1024x683.jpg\" alt=\"\" class=\"wp-image-12795\" srcset=\"https:\/\/www.tjba.jus.br\/primeiravice\/wp-content\/uploads\/2026\/04\/06-04-2026-Posse-Des-Paulo-Jorge-TRE-46-1024x683.jpg 1024w, https:\/\/www.tjba.jus.br\/primeiravice\/wp-content\/uploads\/2026\/04\/06-04-2026-Posse-Des-Paulo-Jorge-TRE-46-300x200.jpg 300w, https:\/\/www.tjba.jus.br\/primeiravice\/wp-content\/uploads\/2026\/04\/06-04-2026-Posse-Des-Paulo-Jorge-TRE-46-768x512.jpg 768w, https:\/\/www.tjba.jus.br\/primeiravice\/wp-content\/uploads\/2026\/04\/06-04-2026-Posse-Des-Paulo-Jorge-TRE-46-1536x1024.jpg 1536w, https:\/\/www.tjba.jus.br\/primeiravice\/wp-content\/uploads\/2026\/04\/06-04-2026-Posse-Des-Paulo-Jorge-TRE-46.jpg 2047w\" sizes=\"auto, (max-width: 1024px) 100vw, 1024px\" \/><\/figure>\n\n\n\n<figure class=\"wp-block-image size-large\"><img loading=\"lazy\" decoding=\"async\" width=\"1024\" height=\"683\" data-id=\"12794\" src=\"https:\/\/www.tjba.jus.br\/primeiravice\/wp-content\/uploads\/2026\/04\/06-04-2026-Posse-Des-Paulo-Jorge-TRE-8-1024x683.jpg\" alt=\"\" class=\"wp-image-12794\" srcset=\"https:\/\/www.tjba.jus.br\/primeiravice\/wp-content\/uploads\/2026\/04\/06-04-2026-Posse-Des-Paulo-Jorge-TRE-8-1024x683.jpg 1024w, https:\/\/www.tjba.jus.br\/primeiravice\/wp-content\/uploads\/2026\/04\/06-04-2026-Posse-Des-Paulo-Jorge-TRE-8-300x200.jpg 300w, https:\/\/www.tjba.jus.br\/primeiravice\/wp-content\/uploads\/2026\/04\/06-04-2026-Posse-Des-Paulo-Jorge-TRE-8-768x512.jpg 768w, https:\/\/www.tjba.jus.br\/primeiravice\/wp-content\/uploads\/2026\/04\/06-04-2026-Posse-Des-Paulo-Jorge-TRE-8-1536x1024.jpg 1536w, https:\/\/www.tjba.jus.br\/primeiravice\/wp-content\/uploads\/2026\/04\/06-04-2026-Posse-Des-Paulo-Jorge-TRE-8.jpg 2047w\" sizes=\"auto, (max-width: 1024px) 100vw, 1024px\" \/><\/figure>\n<\/figure>\n","protected":false},"excerpt":{"rendered":"<p>O 1\u00b0 Vice-Presidente do Tribunal de Justi\u00e7a da Bahia, Josevando Andrade, participou das cerim\u00f4nias de posse dos desembargadores Maur\u00edcio Kertzman [&hellip;]<\/p>\n","protected":false},"author":30,"featured_media":12796,"comment_status":"closed","ping_status":"","sticky":false,"template":"","format":"standard","meta":{"footnotes":""},"categories":[29,9],"tags":[],"class_list":["post-12793","post","type-post","status-publish","format-standard","has-post-thumbnail","hentry","category-destaque","category-noticias"],"acf":[],"featured_image_src":"https:\/\/www.tjba.jus.br\/primeiravice\/wp-content\/uploads\/2026\/04\/WhatsApp-Image-2026-04-14-at-09.30.50.jpeg","author_info":{"display_name":"Claudia Brito","author_link":"https:\/\/www.tjba.jus.br\/primeiravice\/author\/cobrito\/"},"_links":{"self":[{"href":"https:\/\/www.tjba.jus.br\/primeiravice\/wp-json\/wp\/v2\/posts\/12793","targetHints":{"allow":["GET"]}}],"collection":[{"href":"https:\/\/www.tjba.jus.br\/primeiravice\/wp-json\/wp\/v2\/posts"}],"about":[{"href":"https:\/\/www.tjba.jus.br\/primeiravice\/wp-json\/wp\/v2\/types\/post"}],"author":[{"embeddable":true,"href":"https:\/\/www.tjba.jus.br\/primeiravice\/wp-json\/wp\/v2\/users\/30"}],"replies":[{"embeddable":true,"href":"https:\/\/www.tjba.jus.br\/primeiravice\/wp-json\/wp\/v2\/comments?post=12793"}],"version-history":[{"count":1,"href":"https:\/\/www.tjba.jus.br\/primeiravice\/wp-json\/wp\/v2\/posts\/12793\/revisions"}],"predecessor-version":[{"id":12797,"href":"https:\/\/www.tjba.jus.br\/primeiravice\/wp-json\/wp\/v2\/posts\/12793\/revisions\/12797"}],"wp:featuredmedia":[{"embeddable":true,"href":"https:\/\/www.tjba.jus.br\/primeiravice\/wp-json\/wp\/v2\/media\/12796"}],"wp:attachment":[{"href":"https:\/\/www.tjba.jus.br\/primeiravice\/wp-json\/wp\/v2\/media?parent=12793"}],"wp:term":[{"taxonomy":"category","embeddable":true,"href":"https:\/\/www.tjba.jus.br\/primeiravice\/wp-json\/wp\/v2\/categories?post=12793"},{"taxonomy":"post_tag","embeddable":true,"href":"https:\/\/www.tjba.jus.br\/primeiravice\/wp-json\/wp\/v2\/tags?post=12793"}],"curies":[{"name":"wp","href":"https:\/\/api.w.org\/{rel}","templated":true}]}}