    {"id":12807,"date":"2026-04-17T15:18:59","date_gmt":"2026-04-17T18:18:59","guid":{"rendered":"https:\/\/www.tjba.jus.br\/primeiravice\/?p=12807"},"modified":"2026-04-17T15:18:59","modified_gmt":"2026-04-17T18:18:59","slug":"1o-vice-presidente-do-tjba-participa-de-sessao-especial-de-outorga-da-comenda-2-de-julho-a-edelvino-goes-filho","status":"publish","type":"post","link":"https:\/\/www.tjba.jus.br\/primeiravice\/1o-vice-presidente-do-tjba-participa-de-sessao-especial-de-outorga-da-comenda-2-de-julho-a-edelvino-goes-filho\/","title":{"rendered":"1\u00ba Vice-Presidente do TJBA participa de Sess\u00e3o Especial de outorga da Comenda 2 de Julho a Edelvino G\u00f3es Filho"},"content":{"rendered":"\n<p>O desembargador Josevando Andrade, 1\u00ba Vice-Presidente do Tribunal de Justi\u00e7a da Bahia (TJBA), participou, na tarde desta quarta-feira (16), da Sess\u00e3o Especial de outorga da Comenda 2 de Julho, realizada pela Assembleia Legislativa da Bahia (ALBA).<\/p>\n\n\n\n<p>A honraria foi concedida ao economista e ex-secret\u00e1rio da Administra\u00e7\u00e3o do Estado da Bahia, Edelvino da Silva G\u00f3es Filho, em reconhecimento \u00e0 sua relevante contribui\u00e7\u00e3o para a gest\u00e3o p\u00fablica e o desenvolvimento do Estado.<\/p>\n\n\n\n<p>A presen\u00e7a do 1\u00ba Vice-Presidente do TJBA refor\u00e7a a import\u00e2ncia da integra\u00e7\u00e3o entre os Poderes e o reconhecimento de trajet\u00f3rias que contribuem para o fortalecimento institucional e o avan\u00e7o da administra\u00e7\u00e3o p\u00fablica na Bahia.<\/p>\n\n\n\n<figure class=\"wp-block-gallery has-nested-images columns-default is-cropped wp-block-gallery-1 is-layout-flex wp-block-gallery-is-layout-flex\">\n<figure class=\"wp-block-image size-large\"><img loading=\"lazy\" decoding=\"async\" width=\"1024\" height=\"683\" data-id=\"12808\" src=\"https:\/\/www.tjba.jus.br\/primeiravice\/wp-content\/uploads\/2026\/04\/16-04-2026-Comenda-2-de-Julho-ao-Ex-Secretario-Edelvino-ALBA-15-1024x683.jpg\" alt=\"\" class=\"wp-image-12808\" srcset=\"https:\/\/www.tjba.jus.br\/primeiravice\/wp-content\/uploads\/2026\/04\/16-04-2026-Comenda-2-de-Julho-ao-Ex-Secretario-Edelvino-ALBA-15-1024x683.jpg 1024w, https:\/\/www.tjba.jus.br\/primeiravice\/wp-content\/uploads\/2026\/04\/16-04-2026-Comenda-2-de-Julho-ao-Ex-Secretario-Edelvino-ALBA-15-300x200.jpg 300w, https:\/\/www.tjba.jus.br\/primeiravice\/wp-content\/uploads\/2026\/04\/16-04-2026-Comenda-2-de-Julho-ao-Ex-Secretario-Edelvino-ALBA-15-768x512.jpg 768w, https:\/\/www.tjba.jus.br\/primeiravice\/wp-content\/uploads\/2026\/04\/16-04-2026-Comenda-2-de-Julho-ao-Ex-Secretario-Edelvino-ALBA-15-1536x1024.jpg 1536w, https:\/\/www.tjba.jus.br\/primeiravice\/wp-content\/uploads\/2026\/04\/16-04-2026-Comenda-2-de-Julho-ao-Ex-Secretario-Edelvino-ALBA-15.jpg 2048w\" sizes=\"auto, (max-width: 1024px) 100vw, 1024px\" \/><\/figure>\n\n\n\n<figure class=\"wp-block-image size-large\"><img loading=\"lazy\" decoding=\"async\" width=\"1024\" height=\"683\" data-id=\"12809\" src=\"https:\/\/www.tjba.jus.br\/primeiravice\/wp-content\/uploads\/2026\/04\/16-04-2026-Comenda-2-de-Julho-ao-Ex-Secretario-Edelvino-ALBA-29-1024x683.jpg\" alt=\"\" class=\"wp-image-12809\" srcset=\"https:\/\/www.tjba.jus.br\/primeiravice\/wp-content\/uploads\/2026\/04\/16-04-2026-Comenda-2-de-Julho-ao-Ex-Secretario-Edelvino-ALBA-29-1024x683.jpg 1024w, https:\/\/www.tjba.jus.br\/primeiravice\/wp-content\/uploads\/2026\/04\/16-04-2026-Comenda-2-de-Julho-ao-Ex-Secretario-Edelvino-ALBA-29-300x200.jpg 300w, https:\/\/www.tjba.jus.br\/primeiravice\/wp-content\/uploads\/2026\/04\/16-04-2026-Comenda-2-de-Julho-ao-Ex-Secretario-Edelvino-ALBA-29-768x512.jpg 768w, https:\/\/www.tjba.jus.br\/primeiravice\/wp-content\/uploads\/2026\/04\/16-04-2026-Comenda-2-de-Julho-ao-Ex-Secretario-Edelvino-ALBA-29-1536x1024.jpg 1536w, https:\/\/www.tjba.jus.br\/primeiravice\/wp-content\/uploads\/2026\/04\/16-04-2026-Comenda-2-de-Julho-ao-Ex-Secretario-Edelvino-ALBA-29.jpg 2048w\" sizes=\"auto, (max-width: 1024px) 100vw, 1024px\" \/><\/figure>\n\n\n\n<figure class=\"wp-block-image size-large\"><img loading=\"lazy\" decoding=\"async\" width=\"1024\" height=\"705\" data-id=\"12811\" src=\"https:\/\/www.tjba.jus.br\/primeiravice\/wp-content\/uploads\/2026\/04\/16-04-2026-Comenda-2-de-Julho-ao-Ex-Secretario-Edelvino-ALBA-3-1024x705.jpg\" alt=\"\" class=\"wp-image-12811\" srcset=\"https:\/\/www.tjba.jus.br\/primeiravice\/wp-content\/uploads\/2026\/04\/16-04-2026-Comenda-2-de-Julho-ao-Ex-Secretario-Edelvino-ALBA-3-1024x705.jpg 1024w, https:\/\/www.tjba.jus.br\/primeiravice\/wp-content\/uploads\/2026\/04\/16-04-2026-Comenda-2-de-Julho-ao-Ex-Secretario-Edelvino-ALBA-3-300x207.jpg 300w, https:\/\/www.tjba.jus.br\/primeiravice\/wp-content\/uploads\/2026\/04\/16-04-2026-Comenda-2-de-Julho-ao-Ex-Secretario-Edelvino-ALBA-3-768x529.jpg 768w, https:\/\/www.tjba.jus.br\/primeiravice\/wp-content\/uploads\/2026\/04\/16-04-2026-Comenda-2-de-Julho-ao-Ex-Secretario-Edelvino-ALBA-3-1536x1057.jpg 1536w, https:\/\/www.tjba.jus.br\/primeiravice\/wp-content\/uploads\/2026\/04\/16-04-2026-Comenda-2-de-Julho-ao-Ex-Secretario-Edelvino-ALBA-3-307x210.jpg 307w, https:\/\/www.tjba.jus.br\/primeiravice\/wp-content\/uploads\/2026\/04\/16-04-2026-Comenda-2-de-Julho-ao-Ex-Secretario-Edelvino-ALBA-3.jpg 1550w\" sizes=\"auto, (max-width: 1024px) 100vw, 1024px\" \/><\/figure>\n\n\n\n<figure class=\"wp-block-image size-large\"><img loading=\"lazy\" decoding=\"async\" width=\"1024\" height=\"683\" data-id=\"12813\" src=\"https:\/\/www.tjba.jus.br\/primeiravice\/wp-content\/uploads\/2026\/04\/16-04-2026-Comenda-2-de-Julho-ao-Ex-Secretario-Edelvino-ALBA-40-1024x683.jpg\" alt=\"\" class=\"wp-image-12813\" srcset=\"https:\/\/www.tjba.jus.br\/primeiravice\/wp-content\/uploads\/2026\/04\/16-04-2026-Comenda-2-de-Julho-ao-Ex-Secretario-Edelvino-ALBA-40-1024x683.jpg 1024w, https:\/\/www.tjba.jus.br\/primeiravice\/wp-content\/uploads\/2026\/04\/16-04-2026-Comenda-2-de-Julho-ao-Ex-Secretario-Edelvino-ALBA-40-300x200.jpg 300w, https:\/\/www.tjba.jus.br\/primeiravice\/wp-content\/uploads\/2026\/04\/16-04-2026-Comenda-2-de-Julho-ao-Ex-Secretario-Edelvino-ALBA-40-768x512.jpg 768w, https:\/\/www.tjba.jus.br\/primeiravice\/wp-content\/uploads\/2026\/04\/16-04-2026-Comenda-2-de-Julho-ao-Ex-Secretario-Edelvino-ALBA-40-1536x1024.jpg 1536w, https:\/\/www.tjba.jus.br\/primeiravice\/wp-content\/uploads\/2026\/04\/16-04-2026-Comenda-2-de-Julho-ao-Ex-Secretario-Edelvino-ALBA-40.jpg 2048w\" sizes=\"auto, (max-width: 1024px) 100vw, 1024px\" \/><\/figure>\n<\/figure>\n","protected":false},"excerpt":{"rendered":"<p>O desembargador Josevando Andrade, 1\u00ba Vice-Presidente do Tribunal de Justi\u00e7a da Bahia (TJBA), participou, na tarde desta quarta-feira (16), da [&hellip;]<\/p>\n","protected":false},"author":30,"featured_media":12812,"comment_status":"closed","ping_status":"","sticky":false,"template":"","format":"standard","meta":{"footnotes":""},"categories":[29,9],"tags":[13],"class_list":["post-12807","post","type-post","status-publish","format-standard","has-post-thumbnail","hentry","category-destaque","category-noticias","tag-tjba"],"acf":[],"featured_image_src":"https:\/\/www.tjba.jus.br\/primeiravice\/wp-content\/uploads\/2026\/04\/16-04-2026-Comenda-2-de-Julho-ao-Ex-Secretario-Edelvino-ALBA-9.jpg","author_info":{"display_name":"Claudia Brito","author_link":"https:\/\/www.tjba.jus.br\/primeiravice\/author\/cobrito\/"},"_links":{"self":[{"href":"https:\/\/www.tjba.jus.br\/primeiravice\/wp-json\/wp\/v2\/posts\/12807","targetHints":{"allow":["GET"]}}],"collection":[{"href":"https:\/\/www.tjba.jus.br\/primeiravice\/wp-json\/wp\/v2\/posts"}],"about":[{"href":"https:\/\/www.tjba.jus.br\/primeiravice\/wp-json\/wp\/v2\/types\/post"}],"author":[{"embeddable":true,"href":"https:\/\/www.tjba.jus.br\/primeiravice\/wp-json\/wp\/v2\/users\/30"}],"replies":[{"embeddable":true,"href":"https:\/\/www.tjba.jus.br\/primeiravice\/wp-json\/wp\/v2\/comments?post=12807"}],"version-history":[{"count":1,"href":"https:\/\/www.tjba.jus.br\/primeiravice\/wp-json\/wp\/v2\/posts\/12807\/revisions"}],"predecessor-version":[{"id":12814,"href":"https:\/\/www.tjba.jus.br\/primeiravice\/wp-json\/wp\/v2\/posts\/12807\/revisions\/12814"}],"wp:featuredmedia":[{"embeddable":true,"href":"https:\/\/www.tjba.jus.br\/primeiravice\/wp-json\/wp\/v2\/media\/12812"}],"wp:attachment":[{"href":"https:\/\/www.tjba.jus.br\/primeiravice\/wp-json\/wp\/v2\/media?parent=12807"}],"wp:term":[{"taxonomy":"category","embeddable":true,"href":"https:\/\/www.tjba.jus.br\/primeiravice\/wp-json\/wp\/v2\/categories?post=12807"},{"taxonomy":"post_tag","embeddable":true,"href":"https:\/\/www.tjba.jus.br\/primeiravice\/wp-json\/wp\/v2\/tags?post=12807"}],"curies":[{"name":"wp","href":"https:\/\/api.w.org\/{rel}","templated":true}]}}