{"id":6453,"date":"2021-11-23T16:58:26","date_gmt":"2021-11-23T19:58:26","guid":{"rendered":"https:\/\/www.tjba.jus.br\/segundavice\/?p=6453"},"modified":"2021-11-23T17:00:18","modified_gmt":"2021-11-23T20:00:18","slug":"2a-vice-presidencia-do-pjba-lanca-decima-edicao-do-informativo-2vp","status":"publish","type":"post","link":"https:\/\/www.tjba.jus.br\/segundavice\/2a-vice-presidencia-do-pjba-lanca-decima-edicao-do-informativo-2vp\/","title":{"rendered":"2\u00aa VICE-PRESID\u00caNCIA DO PJBA LAN\u00c7A D\u00c9CIMA EDI\u00c7\u00c3O DO INFORMATIVO 2VP"},"content":{"rendered":"<p class=\"western\" align=\"JUSTIFY\"><span style=\"color: #353535;\"><span style=\"font-family: Roboto, sans-serif;\"><span style=\"font-size: medium;\">O informativo 2VP, produzido pela 2\u00aa Vice-Presid\u00eancia do Poder Judici\u00e1rio da Bahia (PJBA), chega a sua 10\u00aa edi\u00e7\u00e3o. Nesta publica\u00e7\u00e3o, traz informa\u00e7\u00f5es sobre admissibilidade de recursos extraordin\u00e1rios e gerenciamento de precedentes, discutidos pela Secret\u00e1ria de Gest\u00e3o de Precedentes do Supremo Tribunal Federal (STF) e pelo PJBA, al\u00e9m de informa\u00e7\u00f5es sobre reuni\u00f5es e provid\u00eancias acertadas pela 2\u00aa VP.<\/span><\/span><\/span><\/p>\n<p class=\"western\" align=\"JUSTIFY\"><a href=\"http:\/\/www5.tjba.jus.br\/portal\/wp-content\/uploads\/2021\/11\/Informativo-2VP.pdf\"><span style=\"color: #0e5ba1;\"><span style=\"font-family: Roboto, sans-serif;\"><span style=\"font-size: medium;\"><b>Acesse e fique informado<\/b><\/span><\/span><\/span><\/a><\/p>\n<p class=\"western\" align=\"JUSTIFY\"><span style=\"color: #353535;\"><span style=\"font-family: Roboto, sans-serif;\"><span style=\"font-size: medium;\">A edi\u00e7\u00e3o, conforme ressalta o 2\u00ba Vice-Presidente do PJBA, Desembargador Augusto de Lima Bispo, \u201ctraz em destaque a parceria desenvolvida pela 2\u00aa Vice-Presid\u00eancia, por meio do NUGEPNAC e do Gabinete da 2\u00aa Vice-Presid\u00eancia, com a equipe da Secretaria de Precedentes do STF, para aprimorar o gerenciamento de precedentes e a atividade de admissibilidade de recursos destinados aos Tribunais Superiores\u201d.<\/span><\/span><\/span><\/p>\n<p class=\"western\" align=\"JUSTIFY\"><span style=\"color: #353535;\"><span style=\"font-family: Roboto, sans-serif;\"><span style=\"font-size: medium;\">O informativo aborda todos os servi\u00e7os realizados pela 2\u00aaVP durante o m\u00eas de outubro.<\/span><\/span><\/span><\/p>\n<p class=\"western\" align=\"JUSTIFY\"><a href=\"https:\/\/www.tjba.jus.br\/segundavice\/informativos\/\"><span style=\"color: #0e5ba1;\"><span style=\"font-family: Roboto, sans-serif;\"><span style=\"font-size: medium;\"><b>Acesse aqui todas as edi\u00e7\u00f5es do informativo 2VP.<\/b><\/span><\/span><\/span><\/a><\/p>\n","protected":false},"excerpt":{"rendered":"<p>O informativo 2VP, produzido pela 2\u00aa Vice-Presid\u00eancia do Poder Judici\u00e1rio da Bahia (PJBA), chega a sua 10\u00aa edi\u00e7\u00e3o. Nesta publica\u00e7\u00e3o, traz informa\u00e7\u00f5es sobre admissibilidade de recursos extraordin\u00e1rios e gerenciamento de [&hellip;]<\/p>\n","protected":false},"author":24,"featured_media":6454,"comment_status":"closed","ping_status":"open","sticky":false,"template":"","format":"standard","meta":{"_EventAllDay":false,"_EventTimezone":"","_EventStartDate":"","_EventEndDate":"","_EventStartDateUTC":"","_EventEndDateUTC":"","_EventShowMap":false,"_EventShowMapLink":false,"_EventURL":"","_EventCost":"","_EventCostDescription":"","_EventCurrencySymbol":"","_EventCurrencyCode":"","_EventCurrencyPosition":"","_EventDateTimeSeparator":"","_EventTimeRangeSeparator":"","_EventOrganizerID":[],"_EventVenueID":[],"_OrganizerEmail":"","_OrganizerPhone":"","_OrganizerWebsite":"","_VenueAddress":"","_VenueCity":"","_VenueCountry":"","_VenueProvince":"","_VenueState":"","_VenueZip":"","_VenuePhone":"","_VenueURL":"","_VenueStateProvince":"","_VenueLat":"","_VenueLng":"","_VenueShowMap":false,"_VenueShowMapLink":false,"footnotes":""},"categories":[315,9],"tags":[],"acf":[],"featured_image_src":"https:\/\/www.tjba.jus.br\/segundavice\/wp-content\/uploads\/2021\/11\/Informativo-2VP.jpeg","author_info":{"display_name":"Rebeca de Paula Silva Andrade","author_link":"https:\/\/www.tjba.jus.br\/segundavice\/author\/rpsandrade\/"},"_links":{"self":[{"href":"https:\/\/www.tjba.jus.br\/segundavice\/wp-json\/wp\/v2\/posts\/6453"}],"collection":[{"href":"https:\/\/www.tjba.jus.br\/segundavice\/wp-json\/wp\/v2\/posts"}],"about":[{"href":"https:\/\/www.tjba.jus.br\/segundavice\/wp-json\/wp\/v2\/types\/post"}],"author":[{"embeddable":true,"href":"https:\/\/www.tjba.jus.br\/segundavice\/wp-json\/wp\/v2\/users\/24"}],"replies":[{"embeddable":true,"href":"https:\/\/www.tjba.jus.br\/segundavice\/wp-json\/wp\/v2\/comments?post=6453"}],"version-history":[{"count":1,"href":"https:\/\/www.tjba.jus.br\/segundavice\/wp-json\/wp\/v2\/posts\/6453\/revisions"}],"predecessor-version":[{"id":6455,"href":"https:\/\/www.tjba.jus.br\/segundavice\/wp-json\/wp\/v2\/posts\/6453\/revisions\/6455"}],"wp:featuredmedia":[{"embeddable":true,"href":"https:\/\/www.tjba.jus.br\/segundavice\/wp-json\/wp\/v2\/media\/6454"}],"wp:attachment":[{"href":"https:\/\/www.tjba.jus.br\/segundavice\/wp-json\/wp\/v2\/media?parent=6453"}],"wp:term":[{"taxonomy":"category","embeddable":true,"href":"https:\/\/www.tjba.jus.br\/segundavice\/wp-json\/wp\/v2\/categories?post=6453"},{"taxonomy":"post_tag","embeddable":true,"href":"https:\/\/www.tjba.jus.br\/segundavice\/wp-json\/wp\/v2\/tags?post=6453"}],"curies":[{"name":"wp","href":"https:\/\/api.w.org\/{rel}","templated":true}]}}